{"id":1160,"date":"2022-02-19T14:39:22","date_gmt":"2022-02-19T13:39:22","guid":{"rendered":"https:\/\/www.vserdberg.at\/volksschule\/?p=1160"},"modified":"2022-02-23T10:17:34","modified_gmt":"2022-02-23T09:17:34","slug":"lama-lilis-1-semester-in-der-schule","status":"publish","type":"post","link":"https:\/\/www.vserdberg.at\/volksschule\/2022\/02\/19\/lama-lilis-1-semester-in-der-schule\/","title":{"rendered":"Lama Lilis 1. Semester in der Schule"},"content":{"rendered":"\n<figure class=\"wp-block-image\"><img loading=\"lazy\" decoding=\"async\" width=\"1024\" height=\"768\" src=\"https:\/\/www.vserdberg.at\/volksschule\/wp-content\/uploads\/2022\/02\/IMG_3260-1024x768.jpeg\" alt=\"\" class=\"wp-image-1161\" srcset=\"https:\/\/www.vserdberg.at\/volksschule\/wp-content\/uploads\/2022\/02\/IMG_3260-1024x768.jpeg 1024w, https:\/\/www.vserdberg.at\/volksschule\/wp-content\/uploads\/2022\/02\/IMG_3260-300x225.jpeg 300w, https:\/\/www.vserdberg.at\/volksschule\/wp-content\/uploads\/2022\/02\/IMG_3260-768x576.jpeg 768w, https:\/\/www.vserdberg.at\/volksschule\/wp-content\/uploads\/2022\/02\/IMG_3260-1536x1152.jpeg 1536w, https:\/\/www.vserdberg.at\/volksschule\/wp-content\/uploads\/2022\/02\/IMG_3260-2048x1536.jpeg 2048w, https:\/\/www.vserdberg.at\/volksschule\/wp-content\/uploads\/2022\/02\/IMG_3260-1870x1403.jpeg 1870w, https:\/\/www.vserdberg.at\/volksschule\/wp-content\/uploads\/2022\/02\/IMG_3260-400x300.jpeg 400w, https:\/\/www.vserdberg.at\/volksschule\/wp-content\/uploads\/2022\/02\/IMG_3260-800x600.jpeg 800w\" sizes=\"auto, (max-width: 1024px) 100vw, 1024px\" \/><figcaption>Mein Name ist Lili und ich bin in der 1b Klasse.<br>Ich bin jetzt bereits ein halbes Jahr in der Schule.<\/figcaption><\/figure>\n\n\n\n<figure class=\"wp-block-image\"><img loading=\"lazy\" decoding=\"async\" width=\"1024\" height=\"768\" src=\"https:\/\/www.vserdberg.at\/volksschule\/wp-content\/uploads\/2022\/02\/IMG_9447-1024x768.jpeg\" alt=\"\" class=\"wp-image-1162\" srcset=\"https:\/\/www.vserdberg.at\/volksschule\/wp-content\/uploads\/2022\/02\/IMG_9447-1024x768.jpeg 1024w, https:\/\/www.vserdberg.at\/volksschule\/wp-content\/uploads\/2022\/02\/IMG_9447-300x225.jpeg 300w, https:\/\/www.vserdberg.at\/volksschule\/wp-content\/uploads\/2022\/02\/IMG_9447-768x576.jpeg 768w, https:\/\/www.vserdberg.at\/volksschule\/wp-content\/uploads\/2022\/02\/IMG_9447-1536x1152.jpeg 1536w, https:\/\/www.vserdberg.at\/volksschule\/wp-content\/uploads\/2022\/02\/IMG_9447-2048x1536.jpeg 2048w, https:\/\/www.vserdberg.at\/volksschule\/wp-content\/uploads\/2022\/02\/IMG_9447-1870x1403.jpeg 1870w, https:\/\/www.vserdberg.at\/volksschule\/wp-content\/uploads\/2022\/02\/IMG_9447-400x300.jpeg 400w, https:\/\/www.vserdberg.at\/volksschule\/wp-content\/uploads\/2022\/02\/IMG_9447-800x600.jpeg 800w\" sizes=\"auto, (max-width: 1024px) 100vw, 1024px\" \/><figcaption>Bei dem Schnuppertag im letzten Jahr konnte ich mir gar nicht vorstellen, wie es werden wird.<\/figcaption><\/figure>\n\n\n\n<p>Hier waren wir uns noch alle fremd, auch ein bisschen sch\u00fcchtern und die gro\u00dfen Kinder der ehemaligen 4b haben sich um uns gek\u00fcmmert. An diesem Tag habe ich meine erste neue Mitsch\u00fclerin kennengelernt und mich gleich zu ihr gekuschelt.<\/p>\n\n\n\n<figure class=\"wp-block-image\"><img loading=\"lazy\" decoding=\"async\" width=\"1024\" height=\"768\" src=\"https:\/\/www.vserdberg.at\/volksschule\/wp-content\/uploads\/2022\/02\/IMG_5185-1024x768.jpeg\" alt=\"\" class=\"wp-image-1163\" srcset=\"https:\/\/www.vserdberg.at\/volksschule\/wp-content\/uploads\/2022\/02\/IMG_5185-1024x768.jpeg 1024w, https:\/\/www.vserdberg.at\/volksschule\/wp-content\/uploads\/2022\/02\/IMG_5185-300x225.jpeg 300w, https:\/\/www.vserdberg.at\/volksschule\/wp-content\/uploads\/2022\/02\/IMG_5185-768x576.jpeg 768w, https:\/\/www.vserdberg.at\/volksschule\/wp-content\/uploads\/2022\/02\/IMG_5185-1536x1152.jpeg 1536w, https:\/\/www.vserdberg.at\/volksschule\/wp-content\/uploads\/2022\/02\/IMG_5185-2048x1536.jpeg 2048w, https:\/\/www.vserdberg.at\/volksschule\/wp-content\/uploads\/2022\/02\/IMG_5185-1870x1403.jpeg 1870w, https:\/\/www.vserdberg.at\/volksschule\/wp-content\/uploads\/2022\/02\/IMG_5185-400x300.jpeg 400w, https:\/\/www.vserdberg.at\/volksschule\/wp-content\/uploads\/2022\/02\/IMG_5185-800x600.jpeg 800w\" sizes=\"auto, (max-width: 1024px) 100vw, 1024px\" \/><figcaption><br>Nun sind wir als 1b schon eine richtige Klassengemeinschaft geworden.\u00a0<br>Wir lernen, wir spielen, wir lachen, ab und zu streiten wir auch und vertragen uns dann wieder. Jeder in der 1b ist ein bisschen anders und das macht uns aus. Auch Feste feiern wir gemeinsam, was mir besonders viel Spa\u00df macht.\u00a0<\/figcaption><\/figure>\n\n\n\n<figure class=\"wp-block-image\"><img loading=\"lazy\" decoding=\"async\" width=\"768\" height=\"1024\" src=\"https:\/\/www.vserdberg.at\/volksschule\/wp-content\/uploads\/2022\/02\/IMG_5943-768x1024.jpeg\" alt=\"\" class=\"wp-image-1164\" srcset=\"https:\/\/www.vserdberg.at\/volksschule\/wp-content\/uploads\/2022\/02\/IMG_5943-768x1024.jpeg 768w, https:\/\/www.vserdberg.at\/volksschule\/wp-content\/uploads\/2022\/02\/IMG_5943-225x300.jpeg 225w, https:\/\/www.vserdberg.at\/volksschule\/wp-content\/uploads\/2022\/02\/IMG_5943-1152x1536.jpeg 1152w, https:\/\/www.vserdberg.at\/volksschule\/wp-content\/uploads\/2022\/02\/IMG_5943-1536x2048.jpeg 1536w, https:\/\/www.vserdberg.at\/volksschule\/wp-content\/uploads\/2022\/02\/IMG_5943-1870x2493.jpeg 1870w, https:\/\/www.vserdberg.at\/volksschule\/wp-content\/uploads\/2022\/02\/IMG_5943-400x533.jpeg 400w, https:\/\/www.vserdberg.at\/volksschule\/wp-content\/uploads\/2022\/02\/IMG_5943-800x1067.jpeg 800w, https:\/\/www.vserdberg.at\/volksschule\/wp-content\/uploads\/2022\/02\/IMG_5943-scaled.jpeg 1920w\" sizes=\"auto, (max-width: 768px) 100vw, 768px\" \/><figcaption>Wir k\u00f6nnen schon ganze 18 Buchstaben und schreiben damit alles auf, was wir m\u00f6chten. Au\u00dferdem haben wir uns in diesem halben Jahr zu tollen Mathematiker:innen entwickelt.<\/figcaption><\/figure>\n\n\n\n<figure class=\"wp-block-image\"><img loading=\"lazy\" decoding=\"async\" width=\"768\" height=\"1024\" src=\"https:\/\/www.vserdberg.at\/volksschule\/wp-content\/uploads\/2022\/02\/IMG_5988-768x1024.jpeg\" alt=\"\" class=\"wp-image-1165\" srcset=\"https:\/\/www.vserdberg.at\/volksschule\/wp-content\/uploads\/2022\/02\/IMG_5988-768x1024.jpeg 768w, https:\/\/www.vserdberg.at\/volksschule\/wp-content\/uploads\/2022\/02\/IMG_5988-225x300.jpeg 225w, https:\/\/www.vserdberg.at\/volksschule\/wp-content\/uploads\/2022\/02\/IMG_5988-1152x1536.jpeg 1152w, https:\/\/www.vserdberg.at\/volksschule\/wp-content\/uploads\/2022\/02\/IMG_5988-1536x2048.jpeg 1536w, https:\/\/www.vserdberg.at\/volksschule\/wp-content\/uploads\/2022\/02\/IMG_5988-1870x2493.jpeg 1870w, https:\/\/www.vserdberg.at\/volksschule\/wp-content\/uploads\/2022\/02\/IMG_5988-400x533.jpeg 400w, https:\/\/www.vserdberg.at\/volksschule\/wp-content\/uploads\/2022\/02\/IMG_5988-800x1067.jpeg 800w, https:\/\/www.vserdberg.at\/volksschule\/wp-content\/uploads\/2022\/02\/IMG_5988-scaled.jpeg 1920w\" sizes=\"auto, (max-width: 768px) 100vw, 768px\" \/><figcaption>Vor kurzem waren wir im Arenbergpark und konnten dort die Zeit zusammen genie\u00dfen.<\/figcaption><\/figure>\n\n\n\n<p>Ich freue mich schon sehr auf das n\u00e4chste Halbjahr und bin gespannt, was wir noch alles zusammen erleben werden!<\/p>\n","protected":false},"excerpt":{"rendered":"<p>Hier waren wir uns noch alle fremd, auch ein bisschen sch\u00fcchtern und die gro\u00dfen Kinder der ehemaligen 4b haben sich um uns gek\u00fcmmert. An diesem Tag habe ich meine erste neue Mitsch\u00fclerin kennengelernt und mich gleich zu ihr gekuschelt. Ich freue mich schon sehr auf das n\u00e4chste Halbjahr und bin gespannt, was wir noch alles [&hellip;]<\/p>\n","protected":false},"author":1,"featured_media":1167,"comment_status":"open","ping_status":"open","sticky":false,"template":"","format":"standard","meta":{"footnotes":""},"categories":[1],"tags":[],"class_list":["post-1160","post","type-post","status-publish","format-standard","has-post-thumbnail","hentry","category-allgemein","has-thumbnail"],"_links":{"self":[{"href":"https:\/\/www.vserdberg.at\/volksschule\/wp-json\/wp\/v2\/posts\/1160","targetHints":{"allow":["GET"]}}],"collection":[{"href":"https:\/\/www.vserdberg.at\/volksschule\/wp-json\/wp\/v2\/posts"}],"about":[{"href":"https:\/\/www.vserdberg.at\/volksschule\/wp-json\/wp\/v2\/types\/post"}],"author":[{"embeddable":true,"href":"https:\/\/www.vserdberg.at\/volksschule\/wp-json\/wp\/v2\/users\/1"}],"replies":[{"embeddable":true,"href":"https:\/\/www.vserdberg.at\/volksschule\/wp-json\/wp\/v2\/comments?post=1160"}],"version-history":[{"count":4,"href":"https:\/\/www.vserdberg.at\/volksschule\/wp-json\/wp\/v2\/posts\/1160\/revisions"}],"predecessor-version":[{"id":1172,"href":"https:\/\/www.vserdberg.at\/volksschule\/wp-json\/wp\/v2\/posts\/1160\/revisions\/1172"}],"wp:featuredmedia":[{"embeddable":true,"href":"https:\/\/www.vserdberg.at\/volksschule\/wp-json\/wp\/v2\/media\/1167"}],"wp:attachment":[{"href":"https:\/\/www.vserdberg.at\/volksschule\/wp-json\/wp\/v2\/media?parent=1160"}],"wp:term":[{"taxonomy":"category","embeddable":true,"href":"https:\/\/www.vserdberg.at\/volksschule\/wp-json\/wp\/v2\/categories?post=1160"},{"taxonomy":"post_tag","embeddable":true,"href":"https:\/\/www.vserdberg.at\/volksschule\/wp-json\/wp\/v2\/tags?post=1160"}],"curies":[{"name":"wp","href":"https:\/\/api.w.org\/{rel}","templated":true}]}}